{"id":860,"date":"2025-10-08T18:37:00","date_gmt":"2025-10-08T16:37:00","guid":{"rendered":"https:\/\/www.larousse.fr\/articles\/?p=860"},"modified":"2025-10-08T15:37:11","modified_gmt":"2025-10-08T13:37:11","slug":"cremeuse-genereuse-doree-la-tarte-dautomne-a-la-cancoillotte-quon-refait-tout-lhiver-sans-jamais-sen-lasser","status":"publish","type":"post","link":"https:\/\/www.larousse.fr\/articles\/cuisine\/cremeuse-genereuse-doree-la-tarte-dautomne-a-la-cancoillotte-quon-refait-tout-lhiver-sans-jamais-sen-lasser","title":{"rendered":"Tarte \u00e0 la cancoillotte : feuillet\u00e9e, cr\u00e9meuse et r\u00e9confortante pour l&rsquo;automne"},"content":{"rendered":"\n<h2 class=\"wp-block-heading\" id=\"h-une-tarte-franc-comtoise-qui-sent-bon-les-dimanches-au-chaud\">Une tarte franc-comtoise qui sent bon les dimanches au chaud<\/h2>\n\n\n\n<p>Imaginez un fond d\u2019<strong>oignons fondus au vin blanc<\/strong>, recouvert de <strong>pommes de terre en fines rondelles<\/strong>, de <strong><a href=\"https:\/\/www.larousse.fr\/articlescuisine\/bechamel-onctueuse-endives-fondantes-jambon-gourmand-le-gratin-dautomne-qui-fait-lunanimite-a-table\">jambon<\/a> tendre<\/strong>, le tout napp\u00e9 de <strong>cancoillotte chaude et parfum\u00e9e<\/strong> \u00e0 l\u2019ail. D\u00e8s la premi\u00e8re minute de cuisson, l\u2019odeur de fromage fondu envahit la cuisine. C\u2019est doux, enveloppant, familier.<\/p>\n\n\n\n<p>La <strong>cancoillotte<\/strong>, ce fromage embl\u00e9matique de Franche-Comt\u00e9, a l\u2019avantage d\u2019\u00eatre \u00e0 la fois <strong>l\u00e9ger<\/strong> et <strong>tr\u00e8s go\u00fbteux<\/strong>. Il se marie parfaitement avec les pommes de terre fondantes et le jambon. <\/p>\n\n\n\n<p>La p\u00e2te feuillet\u00e9e, elle, apporte le croustillant n\u00e9cessaire \u00e0 l\u2019\u00e9quilibre. Ce n\u2019est pas une tarte sophistiqu\u00e9e : c\u2019est une <strong>tarte sinc\u00e8re<\/strong>, g\u00e9n\u00e9reuse, de celles qui font du bien. Et qu\u2019on refait sans se lasser.<\/p>\n\n\n\n<h2 class=\"wp-block-heading\" id=\"h-les-ingredients-pour-4-a-6-personnes\">Les ingr\u00e9dients pour 4 \u00e0 6 personnes<\/h2>\n\n\n\n<ul class=\"wp-block-list\">\n<li><strong>1 p\u00e2te feuillet\u00e9e<\/strong><\/li>\n\n\n\n<li><strong>500 g de pommes de terre<\/strong> (Charlotte ou Monalisa)<\/li>\n\n\n\n<li><strong>1 pot de cancoillotte \u00e0 l\u2019ail<\/strong><\/li>\n\n\n\n<li><strong>4 tranches de jambon blanc<\/strong><\/li>\n\n\n\n<li><strong>3 oignons jaunes<\/strong><\/li>\n\n\n\n<li><strong>10 cl de vin blanc sec<\/strong><\/li>\n\n\n\n<li><strong>2 \u0153ufs<\/strong><\/li>\n\n\n\n<li><strong>5 cl de lait<\/strong><\/li>\n\n\n\n<li><strong>Beurre, huile d\u2019olive<\/strong><\/li>\n\n\n\n<li><strong>Sel, poivre, muscade r\u00e2p\u00e9e<\/strong><\/li>\n<\/ul>\n\n\n\n<h2 class=\"wp-block-heading\" id=\"h-une-preparation-simple-chaleureuse-et-toujours-reussie\">Une pr\u00e9paration simple, chaleureuse et toujours r\u00e9ussie<\/h2>\n\n\n\n<p>Commencez par \u00e9mincer les oignons, puis faites-les revenir \u00e0 feu doux avec un peu de beurre et d\u2019huile d\u2019olive. Ajoutez une pinc\u00e9e de sel pour bien les attendrir. Lorsqu\u2019ils deviennent fondants, <strong>d\u00e9glacez au vin blanc<\/strong> et laissez r\u00e9duire. Pendant ce temps, <strong>\u00e9pluchez les pommes de terre<\/strong> et tranchez-les finement \u00e0 la mandoline. Hachez \u00e9galement le jambon blanc.<\/p>\n\n\n\n<p>Dans un saladier, <strong>m\u00e9langez la cancoillotte, les \u0153ufs, le lait, un peu de muscade, du sel et du poivre<\/strong>. La texture doit \u00eatre bien lisse. Foncez un moule \u00e0 tarte avec la p\u00e2te feuillet\u00e9e, piquez-la \u00e0 la fourchette, puis \u00e9talez les oignons r\u00e9duits. R\u00e9partissez le jambon par-dessus, puis les pommes de terre en rosace. Enfin, versez l\u2019appareil \u00e0 la cancoillotte d\u00e9licatement pour ne pas tout d\u00e9placer.<\/p>\n\n\n\n<p>Enfournez \u00e0 <strong>170\u00b0C pendant environ une heure<\/strong>. La tarte doit \u00eatre bien dor\u00e9e, la garniture bien prise et les pommes de terre fondantes. Si n\u00e9cessaire, prolongez l\u00e9g\u00e8rement la cuisson pour un r\u00e9sultat parfait.<\/p>\n\n\n\n<h2 class=\"wp-block-heading\" id=\"h-une-tarte-qui-reconforte-autant-qu-elle-inspire\">Une tarte qui r\u00e9conforte autant qu\u2019elle inspire<\/h2>\n\n\n\n<p>Servie bien chaude avec une <strong>salade de jeunes pousses<\/strong>, quelques <strong>cerneaux de noix<\/strong> et une <strong>vinaigrette au miel<\/strong>, cette tarte devient un repas complet, chaleureux et satisfaisant. Vous pouvez aussi l\u2019adapter \u00e0 l\u2019infini : remplacez le jambon par du bacon croustillant, ou ajoutez des champignons po\u00eal\u00e9s pour une version foresti\u00e8re.<\/p>\n\n\n\n<p>Et s\u2019il vous en reste ? Ne la jetez surtout pas. <strong>R\u00e9chauff\u00e9e, elle est encore meilleure<\/strong>, et m\u00eame froide, elle se tient tr\u00e8s bien avec une bi\u00e8re ambr\u00e9e ou un verre de vin blanc du Jura.<\/p>\n\n\n\n<p>Cette tarte, c\u2019est un peu une d\u00e9claration d\u2019amour \u00e0 l\u2019automne. Elle rassemble, elle r\u00e9chauffe, elle fait du bien. Et franchement, vous allez vite comprendre pourquoi <strong>je ne m\u2019en lasse jamais<\/strong>.<\/p>\n","protected":false},"excerpt":{"rendered":"","protected":false},"author":3,"featured_media":861,"comment_status":"closed","ping_status":"closed","sticky":false,"template":"","format":"standard","meta":{"_acf_changed":false,"footnotes":""},"categories":[10],"tags":[20,15,27,14],"class_list":["post-860","post","type-post","status-publish","format-standard","has-post-thumbnail","hentry","category-cuisine","tag-jambon","tag-plat","tag-pommes-de-terre","tag-recette","generate-columns","tablet-grid-50","mobile-grid-100","grid-parent","grid-33"],"acf":[],"yoast_head":"<!-- This site is optimized with the Yoast SEO Premium plugin v22.8 (Yoast SEO v26.7) - https:\/\/yoast.com\/wordpress\/plugins\/seo\/ -->\n<title>Tarte \u00e0 la cancoillotte : feuillet\u00e9e, cr\u00e9meuse et r\u00e9confortante pour l&#039;automne - Larousse Media<\/title>\n<meta name=\"description\" content=\"Quand le ciel devient gris et que les premiers frissons d\u2019octobre s\u2019installent, j\u2019ai un r\u00e9flexe imparable : sortir une p\u00e2te feuillet\u00e9e, faire fondre de la cancoillotte, et pr\u00e9parer cette tarte fondante, rustique et ultra r\u00e9confortante. Une recette simple, avec des ingr\u00e9dients qu\u2019on a souvent sous la main, et qui r\u00e9sume l\u2019automne en une seule bouch\u00e9e. C\u2019est mon plat doudou, celui que je ressors d\u00e8s que les feuilles tombent\u2026 et bien au-del\u00e0.\" \/>\n<meta name=\"robots\" content=\"index, follow, max-snippet:-1, max-image-preview:large, max-video-preview:-1\" \/>\n<link rel=\"canonical\" href=\"https:\/\/www.larousse.fr\/articles\/cuisine\/cremeuse-genereuse-doree-la-tarte-dautomne-a-la-cancoillotte-quon-refait-tout-lhiver-sans-jamais-sen-lasser\" \/>\n<meta property=\"og:locale\" content=\"fr_FR\" \/>\n<meta property=\"og:type\" content=\"article\" \/>\n<meta property=\"og:title\" content=\"Tarte \u00e0 la cancoillotte : feuillet\u00e9e, cr\u00e9meuse et r\u00e9confortante pour l&#039;automne\" \/>\n<meta property=\"og:description\" content=\"Quand le ciel devient gris et que les premiers frissons d\u2019octobre s\u2019installent, j\u2019ai un r\u00e9flexe imparable : sortir une p\u00e2te feuillet\u00e9e, faire fondre de la cancoillotte, et pr\u00e9parer cette tarte fondante, rustique et ultra r\u00e9confortante. Une recette simple, avec des ingr\u00e9dients qu\u2019on a souvent sous la main, et qui r\u00e9sume l\u2019automne en une seule bouch\u00e9e. C\u2019est mon plat doudou, celui que je ressors d\u00e8s que les feuilles tombent\u2026 et bien au-del\u00e0.\" \/>\n<meta property=\"og:url\" content=\"https:\/\/www.larousse.fr\/articles\/cuisine\/cremeuse-genereuse-doree-la-tarte-dautomne-a-la-cancoillotte-quon-refait-tout-lhiver-sans-jamais-sen-lasser\" \/>\n<meta property=\"og:site_name\" content=\"Larousse Media\" \/>\n<meta property=\"article:published_time\" content=\"2025-10-08T16:37:00+00:00\" \/>\n<meta property=\"og:image\" content=\"https:\/\/www.larousse.fr\/articles\/wp-content\/uploads\/2025\/10\/articles-brouillon-auto-recette-tarte-automne-a-la-cancoillotte-scaled.webp\" \/>\n\t<meta property=\"og:image:width\" content=\"1200\" \/>\n\t<meta property=\"og:image:height\" content=\"678\" \/>\n\t<meta property=\"og:image:type\" content=\"image\/webp\" \/>\n<meta name=\"author\" content=\"Julien\" \/>\n<meta name=\"twitter:card\" content=\"summary_large_image\" \/>\n<meta name=\"twitter:description\" content=\"Quand le ciel devient gris et que les premiers frissons d\u2019octobre s\u2019installent, j\u2019ai un r\u00e9flexe imparable : sortir une p\u00e2te feuillet\u00e9e, faire fondre de la cancoillotte, et pr\u00e9parer cette tarte fondante, rustique et ultra r\u00e9confortante. Une recette simple, avec des ingr\u00e9dients qu\u2019on a souvent sous la main, et qui r\u00e9sume l\u2019automne en une seule bouch\u00e9e. C\u2019est mon plat doudou, celui que je ressors d\u00e8s que les feuilles tombent\u2026 et bien au-del\u00e0.\" \/>\n<meta name=\"twitter:label1\" content=\"\u00c9crit par\" \/>\n\t<meta name=\"twitter:data1\" content=\"Julien\" \/>\n\t<meta name=\"twitter:label2\" content=\"Dur\u00e9e de lecture estim\u00e9e\" \/>\n\t<meta name=\"twitter:data2\" content=\"3 minutes\" \/>\n<script type=\"application\/ld+json\" class=\"yoast-schema-graph\">{\"@context\":\"https:\/\/schema.org\",\"@graph\":[{\"@type\":\"NewsArticle\",\"@id\":\"https:\/\/www.larousse.fr\/articles\/cuisine\/cremeuse-genereuse-doree-la-tarte-dautomne-a-la-cancoillotte-quon-refait-tout-lhiver-sans-jamais-sen-lasser#article\",\"isPartOf\":{\"@id\":\"https:\/\/www.larousse.fr\/articles\/cuisine\/cremeuse-genereuse-doree-la-tarte-dautomne-a-la-cancoillotte-quon-refait-tout-lhiver-sans-jamais-sen-lasser\"},\"author\":{\"name\":\"Julien\",\"@id\":\"https:\/\/www.larousse.fr\/articles\/#\/schema\/person\/59d4a6e593cf933711efd020fef54317\"},\"headline\":\"Tarte \u00e0 la cancoillotte : feuillet\u00e9e, cr\u00e9meuse et r\u00e9confortante pour l&rsquo;automne\",\"datePublished\":\"2025-10-08T16:37:00+00:00\",\"mainEntityOfPage\":{\"@id\":\"https:\/\/www.larousse.fr\/articles\/cuisine\/cremeuse-genereuse-doree-la-tarte-dautomne-a-la-cancoillotte-quon-refait-tout-lhiver-sans-jamais-sen-lasser\"},\"wordCount\":517,\"publisher\":{\"@id\":\"https:\/\/www.larousse.fr\/articles\/#organization\"},\"image\":{\"@id\":\"https:\/\/www.larousse.fr\/articles\/cuisine\/cremeuse-genereuse-doree-la-tarte-dautomne-a-la-cancoillotte-quon-refait-tout-lhiver-sans-jamais-sen-lasser#primaryimage\"},\"thumbnailUrl\":\"https:\/\/www.larousse.fr\/articles\/wp-content\/uploads\/2025\/10\/articles-brouillon-auto-recette-tarte-automne-a-la-cancoillotte-scaled.webp\",\"keywords\":[\"Jambon\",\"Plat\",\"Pommes de terre\",\"Recette\"],\"articleSection\":[\"Cuisine\"],\"inLanguage\":\"fr-FR\"},{\"@type\":\"WebPage\",\"@id\":\"https:\/\/www.larousse.fr\/articles\/cuisine\/cremeuse-genereuse-doree-la-tarte-dautomne-a-la-cancoillotte-quon-refait-tout-lhiver-sans-jamais-sen-lasser\",\"url\":\"https:\/\/www.larousse.fr\/articles\/cuisine\/cremeuse-genereuse-doree-la-tarte-dautomne-a-la-cancoillotte-quon-refait-tout-lhiver-sans-jamais-sen-lasser\",\"name\":\"Tarte \u00e0 la cancoillotte : feuillet\u00e9e, cr\u00e9meuse et r\u00e9confortante pour l'automne - Larousse Media\",\"isPartOf\":{\"@id\":\"https:\/\/www.larousse.fr\/articles\/#website\"},\"primaryImageOfPage\":{\"@id\":\"https:\/\/www.larousse.fr\/articles\/cuisine\/cremeuse-genereuse-doree-la-tarte-dautomne-a-la-cancoillotte-quon-refait-tout-lhiver-sans-jamais-sen-lasser#primaryimage\"},\"image\":{\"@id\":\"https:\/\/www.larousse.fr\/articles\/cuisine\/cremeuse-genereuse-doree-la-tarte-dautomne-a-la-cancoillotte-quon-refait-tout-lhiver-sans-jamais-sen-lasser#primaryimage\"},\"thumbnailUrl\":\"https:\/\/www.larousse.fr\/articles\/wp-content\/uploads\/2025\/10\/articles-brouillon-auto-recette-tarte-automne-a-la-cancoillotte-scaled.webp\",\"datePublished\":\"2025-10-08T16:37:00+00:00\",\"description\":\"Quand le ciel devient gris et que les premiers frissons d\u2019octobre s\u2019installent, j\u2019ai un r\u00e9flexe imparable : sortir une p\u00e2te feuillet\u00e9e, faire fondre de la cancoillotte, et pr\u00e9parer cette tarte fondante, rustique et ultra r\u00e9confortante. Une recette simple, avec des ingr\u00e9dients qu\u2019on a souvent sous la main, et qui r\u00e9sume l\u2019automne en une seule bouch\u00e9e. C\u2019est mon plat doudou, celui que je ressors d\u00e8s que les feuilles tombent\u2026 et bien au-del\u00e0.\",\"breadcrumb\":{\"@id\":\"https:\/\/www.larousse.fr\/articles\/cuisine\/cremeuse-genereuse-doree-la-tarte-dautomne-a-la-cancoillotte-quon-refait-tout-lhiver-sans-jamais-sen-lasser#breadcrumb\"},\"inLanguage\":\"fr-FR\",\"potentialAction\":[{\"@type\":\"ReadAction\",\"target\":[\"https:\/\/www.larousse.fr\/articles\/cuisine\/cremeuse-genereuse-doree-la-tarte-dautomne-a-la-cancoillotte-quon-refait-tout-lhiver-sans-jamais-sen-lasser\"]}]},{\"@type\":\"ImageObject\",\"inLanguage\":\"fr-FR\",\"@id\":\"https:\/\/www.larousse.fr\/articles\/cuisine\/cremeuse-genereuse-doree-la-tarte-dautomne-a-la-cancoillotte-quon-refait-tout-lhiver-sans-jamais-sen-lasser#primaryimage\",\"url\":\"https:\/\/www.larousse.fr\/articles\/wp-content\/uploads\/2025\/10\/articles-brouillon-auto-recette-tarte-automne-a-la-cancoillotte-scaled.webp\",\"contentUrl\":\"https:\/\/www.larousse.fr\/articles\/wp-content\/uploads\/2025\/10\/articles-brouillon-auto-recette-tarte-automne-a-la-cancoillotte-scaled.webp\",\"width\":1200,\"height\":678,\"caption\":\"Tarte \u00e0 la cancoillotte et aux pommes de terre : un plat automnal fondant et gourmand \u00e0 savourer d\u00e8s la sortie du four - Larousse.fr\"},{\"@type\":\"BreadcrumbList\",\"@id\":\"https:\/\/www.larousse.fr\/articles\/cuisine\/cremeuse-genereuse-doree-la-tarte-dautomne-a-la-cancoillotte-quon-refait-tout-lhiver-sans-jamais-sen-lasser#breadcrumb\",\"itemListElement\":[{\"@type\":\"ListItem\",\"position\":1,\"name\":\"Accueil\",\"item\":\"https:\/\/www.larousse.fr\/articles\/\"},{\"@type\":\"ListItem\",\"position\":2,\"name\":\"Tarte \u00e0 la cancoillotte : feuillet\u00e9e, cr\u00e9meuse et r\u00e9confortante pour l&rsquo;automne\"}]},{\"@type\":\"WebSite\",\"@id\":\"https:\/\/www.larousse.fr\/articles\/#website\",\"url\":\"https:\/\/www.larousse.fr\/articles\/\",\"name\":\"Larousse - A la une\",\"description\":\"Larousse\",\"publisher\":{\"@id\":\"https:\/\/www.larousse.fr\/articles\/#organization\"},\"potentialAction\":[{\"@type\":\"SearchAction\",\"target\":{\"@type\":\"EntryPoint\",\"urlTemplate\":\"https:\/\/www.larousse.fr\/articles\/?s={search_term_string}\"},\"query-input\":{\"@type\":\"PropertyValueSpecification\",\"valueRequired\":true,\"valueName\":\"search_term_string\"}}],\"inLanguage\":\"fr-FR\"},{\"@type\":\"Organization\",\"@id\":\"https:\/\/www.larousse.fr\/articles\/#organization\",\"name\":\"Larousse\",\"url\":\"https:\/\/www.larousse.fr\/articles\/\",\"logo\":{\"@type\":\"ImageObject\",\"inLanguage\":\"fr-FR\",\"@id\":\"https:\/\/www.larousse.fr\/articles\/#\/schema\/logo\/image\/\",\"url\":\"https:\/\/www.larousse.fr\/articles\/wp-content\/uploads\/2025\/09\/larousse.eldorado-consulting.com-logo-larousse-a-la-une-logo-larousse-a-la-une-scaled.webp\",\"contentUrl\":\"https:\/\/www.larousse.fr\/articles\/wp-content\/uploads\/2025\/09\/larousse.eldorado-consulting.com-logo-larousse-a-la-une-logo-larousse-a-la-une-scaled.webp\",\"width\":1200,\"height\":621,\"caption\":\"Larousse\"},\"image\":{\"@id\":\"https:\/\/www.larousse.fr\/articles\/#\/schema\/logo\/image\/\"}},{\"@type\":\"Person\",\"@id\":\"https:\/\/www.larousse.fr\/articles\/#\/schema\/person\/59d4a6e593cf933711efd020fef54317\",\"name\":\"Julien\",\"image\":{\"@type\":\"ImageObject\",\"inLanguage\":\"fr-FR\",\"@id\":\"https:\/\/www.larousse.fr\/articles\/#\/schema\/person\/image\/\",\"url\":\"https:\/\/www.larousse.fr\/articles\/wp-content\/uploads\/2025\/09\/articles-julien-a-picture-julien-a-picture-160x160.jpeg\",\"contentUrl\":\"https:\/\/www.larousse.fr\/articles\/wp-content\/uploads\/2025\/09\/articles-julien-a-picture-julien-a-picture-160x160.jpeg\",\"caption\":\"Julien\"},\"description\":\"R\u00e9dacteur passionn\u00e9 pour Larousse, Julien explore des th\u00e9matiques vari\u00e9es allant des langues et de l\u2019histoire \u00e0 la science et \u00e0 la plan\u00e8te, sans oublier ses passions pour le jardinage et la cuisine. Il aime partager des articles et quiz qui rendent le savoir \u00e0 la fois accessible, vivant et stimulant.\",\"sameAs\":[\"https:\/\/www.larousse.fr\",\"https:\/\/www.linkedin.com\/in\/julienancel\/\"],\"url\":\"https:\/\/www.larousse.fr\/articles\/author\/julien\"}]}<\/script>\n<!-- \/ Yoast SEO Premium plugin. -->","yoast_head_json":{"title":"Tarte \u00e0 la cancoillotte : feuillet\u00e9e, cr\u00e9meuse et r\u00e9confortante pour l'automne - Larousse Media","description":"Quand le ciel devient gris et que les premiers frissons d\u2019octobre s\u2019installent, j\u2019ai un r\u00e9flexe imparable : sortir une p\u00e2te feuillet\u00e9e, faire fondre de la cancoillotte, et pr\u00e9parer cette tarte fondante, rustique et ultra r\u00e9confortante. Une recette simple, avec des ingr\u00e9dients qu\u2019on a souvent sous la main, et qui r\u00e9sume l\u2019automne en une seule bouch\u00e9e. C\u2019est mon plat doudou, celui que je ressors d\u00e8s que les feuilles tombent\u2026 et bien au-del\u00e0.","robots":{"index":"index","follow":"follow","max-snippet":"max-snippet:-1","max-image-preview":"max-image-preview:large","max-video-preview":"max-video-preview:-1"},"canonical":"https:\/\/www.larousse.fr\/articles\/cuisine\/cremeuse-genereuse-doree-la-tarte-dautomne-a-la-cancoillotte-quon-refait-tout-lhiver-sans-jamais-sen-lasser","og_locale":"fr_FR","og_type":"article","og_title":"Tarte \u00e0 la cancoillotte : feuillet\u00e9e, cr\u00e9meuse et r\u00e9confortante pour l'automne","og_description":"Quand le ciel devient gris et que les premiers frissons d\u2019octobre s\u2019installent, j\u2019ai un r\u00e9flexe imparable : sortir une p\u00e2te feuillet\u00e9e, faire fondre de la cancoillotte, et pr\u00e9parer cette tarte fondante, rustique et ultra r\u00e9confortante. Une recette simple, avec des ingr\u00e9dients qu\u2019on a souvent sous la main, et qui r\u00e9sume l\u2019automne en une seule bouch\u00e9e. C\u2019est mon plat doudou, celui que je ressors d\u00e8s que les feuilles tombent\u2026 et bien au-del\u00e0.","og_url":"https:\/\/www.larousse.fr\/articles\/cuisine\/cremeuse-genereuse-doree-la-tarte-dautomne-a-la-cancoillotte-quon-refait-tout-lhiver-sans-jamais-sen-lasser","og_site_name":"Larousse Media","article_published_time":"2025-10-08T16:37:00+00:00","og_image":[{"width":1200,"height":678,"url":"https:\/\/www.larousse.fr\/articles\/wp-content\/uploads\/2025\/10\/articles-brouillon-auto-recette-tarte-automne-a-la-cancoillotte-scaled.webp","type":"image\/webp"}],"author":"Julien","twitter_card":"summary_large_image","twitter_description":"Quand le ciel devient gris et que les premiers frissons d\u2019octobre s\u2019installent, j\u2019ai un r\u00e9flexe imparable : sortir une p\u00e2te feuillet\u00e9e, faire fondre de la cancoillotte, et pr\u00e9parer cette tarte fondante, rustique et ultra r\u00e9confortante. Une recette simple, avec des ingr\u00e9dients qu\u2019on a souvent sous la main, et qui r\u00e9sume l\u2019automne en une seule bouch\u00e9e. C\u2019est mon plat doudou, celui que je ressors d\u00e8s que les feuilles tombent\u2026 et bien au-del\u00e0.","twitter_misc":{"\u00c9crit par":"Julien","Dur\u00e9e de lecture estim\u00e9e":"3 minutes"},"schema":{"@context":"https:\/\/schema.org","@graph":[{"@type":"NewsArticle","@id":"https:\/\/www.larousse.fr\/articles\/cuisine\/cremeuse-genereuse-doree-la-tarte-dautomne-a-la-cancoillotte-quon-refait-tout-lhiver-sans-jamais-sen-lasser#article","isPartOf":{"@id":"https:\/\/www.larousse.fr\/articles\/cuisine\/cremeuse-genereuse-doree-la-tarte-dautomne-a-la-cancoillotte-quon-refait-tout-lhiver-sans-jamais-sen-lasser"},"author":{"name":"Julien","@id":"https:\/\/www.larousse.fr\/articles\/#\/schema\/person\/59d4a6e593cf933711efd020fef54317"},"headline":"Tarte \u00e0 la cancoillotte : feuillet\u00e9e, cr\u00e9meuse et r\u00e9confortante pour l&rsquo;automne","datePublished":"2025-10-08T16:37:00+00:00","mainEntityOfPage":{"@id":"https:\/\/www.larousse.fr\/articles\/cuisine\/cremeuse-genereuse-doree-la-tarte-dautomne-a-la-cancoillotte-quon-refait-tout-lhiver-sans-jamais-sen-lasser"},"wordCount":517,"publisher":{"@id":"https:\/\/www.larousse.fr\/articles\/#organization"},"image":{"@id":"https:\/\/www.larousse.fr\/articles\/cuisine\/cremeuse-genereuse-doree-la-tarte-dautomne-a-la-cancoillotte-quon-refait-tout-lhiver-sans-jamais-sen-lasser#primaryimage"},"thumbnailUrl":"https:\/\/www.larousse.fr\/articles\/wp-content\/uploads\/2025\/10\/articles-brouillon-auto-recette-tarte-automne-a-la-cancoillotte-scaled.webp","keywords":["Jambon","Plat","Pommes de terre","Recette"],"articleSection":["Cuisine"],"inLanguage":"fr-FR"},{"@type":"WebPage","@id":"https:\/\/www.larousse.fr\/articles\/cuisine\/cremeuse-genereuse-doree-la-tarte-dautomne-a-la-cancoillotte-quon-refait-tout-lhiver-sans-jamais-sen-lasser","url":"https:\/\/www.larousse.fr\/articles\/cuisine\/cremeuse-genereuse-doree-la-tarte-dautomne-a-la-cancoillotte-quon-refait-tout-lhiver-sans-jamais-sen-lasser","name":"Tarte \u00e0 la cancoillotte : feuillet\u00e9e, cr\u00e9meuse et r\u00e9confortante pour l'automne - Larousse Media","isPartOf":{"@id":"https:\/\/www.larousse.fr\/articles\/#website"},"primaryImageOfPage":{"@id":"https:\/\/www.larousse.fr\/articles\/cuisine\/cremeuse-genereuse-doree-la-tarte-dautomne-a-la-cancoillotte-quon-refait-tout-lhiver-sans-jamais-sen-lasser#primaryimage"},"image":{"@id":"https:\/\/www.larousse.fr\/articles\/cuisine\/cremeuse-genereuse-doree-la-tarte-dautomne-a-la-cancoillotte-quon-refait-tout-lhiver-sans-jamais-sen-lasser#primaryimage"},"thumbnailUrl":"https:\/\/www.larousse.fr\/articles\/wp-content\/uploads\/2025\/10\/articles-brouillon-auto-recette-tarte-automne-a-la-cancoillotte-scaled.webp","datePublished":"2025-10-08T16:37:00+00:00","description":"Quand le ciel devient gris et que les premiers frissons d\u2019octobre s\u2019installent, j\u2019ai un r\u00e9flexe imparable : sortir une p\u00e2te feuillet\u00e9e, faire fondre de la cancoillotte, et pr\u00e9parer cette tarte fondante, rustique et ultra r\u00e9confortante. Une recette simple, avec des ingr\u00e9dients qu\u2019on a souvent sous la main, et qui r\u00e9sume l\u2019automne en une seule bouch\u00e9e. C\u2019est mon plat doudou, celui que je ressors d\u00e8s que les feuilles tombent\u2026 et bien au-del\u00e0.","breadcrumb":{"@id":"https:\/\/www.larousse.fr\/articles\/cuisine\/cremeuse-genereuse-doree-la-tarte-dautomne-a-la-cancoillotte-quon-refait-tout-lhiver-sans-jamais-sen-lasser#breadcrumb"},"inLanguage":"fr-FR","potentialAction":[{"@type":"ReadAction","target":["https:\/\/www.larousse.fr\/articles\/cuisine\/cremeuse-genereuse-doree-la-tarte-dautomne-a-la-cancoillotte-quon-refait-tout-lhiver-sans-jamais-sen-lasser"]}]},{"@type":"ImageObject","inLanguage":"fr-FR","@id":"https:\/\/www.larousse.fr\/articles\/cuisine\/cremeuse-genereuse-doree-la-tarte-dautomne-a-la-cancoillotte-quon-refait-tout-lhiver-sans-jamais-sen-lasser#primaryimage","url":"https:\/\/www.larousse.fr\/articles\/wp-content\/uploads\/2025\/10\/articles-brouillon-auto-recette-tarte-automne-a-la-cancoillotte-scaled.webp","contentUrl":"https:\/\/www.larousse.fr\/articles\/wp-content\/uploads\/2025\/10\/articles-brouillon-auto-recette-tarte-automne-a-la-cancoillotte-scaled.webp","width":1200,"height":678,"caption":"Tarte \u00e0 la cancoillotte et aux pommes de terre : un plat automnal fondant et gourmand \u00e0 savourer d\u00e8s la sortie du four - Larousse.fr"},{"@type":"BreadcrumbList","@id":"https:\/\/www.larousse.fr\/articles\/cuisine\/cremeuse-genereuse-doree-la-tarte-dautomne-a-la-cancoillotte-quon-refait-tout-lhiver-sans-jamais-sen-lasser#breadcrumb","itemListElement":[{"@type":"ListItem","position":1,"name":"Accueil","item":"https:\/\/www.larousse.fr\/articles\/"},{"@type":"ListItem","position":2,"name":"Tarte \u00e0 la cancoillotte : feuillet\u00e9e, cr\u00e9meuse et r\u00e9confortante pour l&rsquo;automne"}]},{"@type":"WebSite","@id":"https:\/\/www.larousse.fr\/articles\/#website","url":"https:\/\/www.larousse.fr\/articles\/","name":"Larousse - A la une","description":"Larousse","publisher":{"@id":"https:\/\/www.larousse.fr\/articles\/#organization"},"potentialAction":[{"@type":"SearchAction","target":{"@type":"EntryPoint","urlTemplate":"https:\/\/www.larousse.fr\/articles\/?s={search_term_string}"},"query-input":{"@type":"PropertyValueSpecification","valueRequired":true,"valueName":"search_term_string"}}],"inLanguage":"fr-FR"},{"@type":"Organization","@id":"https:\/\/www.larousse.fr\/articles\/#organization","name":"Larousse","url":"https:\/\/www.larousse.fr\/articles\/","logo":{"@type":"ImageObject","inLanguage":"fr-FR","@id":"https:\/\/www.larousse.fr\/articles\/#\/schema\/logo\/image\/","url":"https:\/\/www.larousse.fr\/articles\/wp-content\/uploads\/2025\/09\/larousse.eldorado-consulting.com-logo-larousse-a-la-une-logo-larousse-a-la-une-scaled.webp","contentUrl":"https:\/\/www.larousse.fr\/articles\/wp-content\/uploads\/2025\/09\/larousse.eldorado-consulting.com-logo-larousse-a-la-une-logo-larousse-a-la-une-scaled.webp","width":1200,"height":621,"caption":"Larousse"},"image":{"@id":"https:\/\/www.larousse.fr\/articles\/#\/schema\/logo\/image\/"}},{"@type":"Person","@id":"https:\/\/www.larousse.fr\/articles\/#\/schema\/person\/59d4a6e593cf933711efd020fef54317","name":"Julien","image":{"@type":"ImageObject","inLanguage":"fr-FR","@id":"https:\/\/www.larousse.fr\/articles\/#\/schema\/person\/image\/","url":"https:\/\/www.larousse.fr\/articles\/wp-content\/uploads\/2025\/09\/articles-julien-a-picture-julien-a-picture-160x160.jpeg","contentUrl":"https:\/\/www.larousse.fr\/articles\/wp-content\/uploads\/2025\/09\/articles-julien-a-picture-julien-a-picture-160x160.jpeg","caption":"Julien"},"description":"R\u00e9dacteur passionn\u00e9 pour Larousse, Julien explore des th\u00e9matiques vari\u00e9es allant des langues et de l\u2019histoire \u00e0 la science et \u00e0 la plan\u00e8te, sans oublier ses passions pour le jardinage et la cuisine. Il aime partager des articles et quiz qui rendent le savoir \u00e0 la fois accessible, vivant et stimulant.","sameAs":["https:\/\/www.larousse.fr","https:\/\/www.linkedin.com\/in\/julienancel\/"],"url":"https:\/\/www.larousse.fr\/articles\/author\/julien"}]}},"_links":{"self":[{"href":"https:\/\/www.larousse.fr\/articles\/wp-json\/wp\/v2\/posts\/860","targetHints":{"allow":["GET"]}}],"collection":[{"href":"https:\/\/www.larousse.fr\/articles\/wp-json\/wp\/v2\/posts"}],"about":[{"href":"https:\/\/www.larousse.fr\/articles\/wp-json\/wp\/v2\/types\/post"}],"author":[{"embeddable":true,"href":"https:\/\/www.larousse.fr\/articles\/wp-json\/wp\/v2\/users\/3"}],"replies":[{"embeddable":true,"href":"https:\/\/www.larousse.fr\/articles\/wp-json\/wp\/v2\/comments?post=860"}],"version-history":[{"count":0,"href":"https:\/\/www.larousse.fr\/articles\/wp-json\/wp\/v2\/posts\/860\/revisions"}],"wp:featuredmedia":[{"embeddable":true,"href":"https:\/\/www.larousse.fr\/articles\/wp-json\/wp\/v2\/media\/861"}],"wp:attachment":[{"href":"https:\/\/www.larousse.fr\/articles\/wp-json\/wp\/v2\/media?parent=860"}],"wp:term":[{"taxonomy":"category","embeddable":true,"href":"https:\/\/www.larousse.fr\/articles\/wp-json\/wp\/v2\/categories?post=860"},{"taxonomy":"post_tag","embeddable":true,"href":"https:\/\/www.larousse.fr\/articles\/wp-json\/wp\/v2\/tags?post=860"}],"curies":[{"name":"wp","href":"https:\/\/api.w.org\/{rel}","templated":true}]}}